[{"command":"insert","method":"append","selector":"#actifs_current_items","data":"\n\u003Ca href=\u0022\/fr\/patrimoine-immobilier\/immobilier-residentiel\/courbevoie-cayla?back=\/fr\/patrimoine-immobilier\/immobilier-residentiel\u0022\u003E\n    \u003Cdiv class=\u0022lg:mb-40 lg:flex\u0022  data-history-node-id=\u002215757\u0022 about=\u0022\/fr\/patrimoine-immobilier\/immobilier-residentiel\/courbevoie-cayla\u0022 class=\u0022node-type-gecina-actif view-mode-teaser\u0022\u003E\n        \u003Cfigure class=\u0022mb-20 teaser-image\u0022\u003E\n              \u003Cimg loading=\u0022lazy\u0022 src=\u0022\/sites\/default\/files\/styles\/thumbnail_384x255\/public\/2022-05\/youfirst_residence_courbevoie_cayla-exterieurs_hd-14_0.jpg?itok=ZPmjku3Z\u0022 width=\u0022384\u0022 height=\u0022255\u0022 alt=\u0022R\u00e9sidence Le Charlemagne YouFirst fa\u00e7ade\u0022 title=\u0022R\u00e9sidence Le Charlemagne YouFirst fa\u00e7ade\u0022 typeof=\u0022foaf:Image\u0022 class=\u0022image-style-thumbnail-384x255\u0022 \/\u003E\n\n\n\n        \u003C\/figure\u003E\n        \u003Cdiv class=\u0022details-wrapper lg:ml-1\/12 lg:self-center\u0022\u003E\n            \u003Cdiv class=\u0022name font-black text-blue font-blackdis text-26 mb-15\u0022\u003ECourbevoie Cayla\u003C\/div\u003E\n            \u003Cdiv class=\u0022location mb-15\u0022\u003E\n                \u003Cspan class=\u0022city font-bold font-mont text-azureishgray text-16\u0022\u003ECourbevoie\u003C\/span\u003E\u0026nbsp;\n                \u003Cspan class=\u0022postal-code font-bold font-mont text-azureishgray text-16\u0022\u003E(92400)\u003C\/span\u003E            \u003C\/div\u003E\n            \u003Cdiv class=\u0022type btn text-12 text-sand text-center border-sand border-solid border-1 git uppercase mb-30\u0022\u003ER\u00e9sidence\u003C\/div\u003E\n        \u003C\/div\u003E\n    \u003C\/div\u003E\n\u003C\/a\u003E\n\n\u003Ca href=\u0022\/fr\/patrimoine-immobilier\/immobilier-residentiel\/paris-dr-roux?back=\/fr\/patrimoine-immobilier\/immobilier-residentiel\u0022\u003E\n    \u003Cdiv class=\u0022lg:mb-40 lg:flex\u0022  data-history-node-id=\u002215755\u0022 about=\u0022\/fr\/patrimoine-immobilier\/immobilier-residentiel\/paris-dr-roux\u0022 class=\u0022node-type-gecina-actif view-mode-teaser\u0022\u003E\n        \u003Cfigure class=\u0022mb-20 teaser-image\u0022\u003E\n              \u003Cimg loading=\u0022lazy\u0022 src=\u0022\/sites\/default\/files\/styles\/thumbnail_384x255\/public\/2022-05\/002_rsidence_paris_docteur_roux_-_btiment_extrieur.jpg?itok=afhmd-Pw\u0022 width=\u0022384\u0022 height=\u0022255\u0022 alt=\u0022R\u00e9sidence Vaugirard Docteur Roux YouFirst fa\u00e7ade 1\u0022 title=\u0022R\u00e9sidence Vaugirard Docteur Roux YouFirst fa\u00e7ade 1\u0022 typeof=\u0022foaf:Image\u0022 class=\u0022image-style-thumbnail-384x255\u0022 \/\u003E\n\n\n\n        \u003C\/figure\u003E\n        \u003Cdiv class=\u0022details-wrapper lg:ml-1\/12 lg:self-center\u0022\u003E\n            \u003Cdiv class=\u0022name font-black text-blue font-blackdis text-26 mb-15\u0022\u003EParis Dr Roux\u003C\/div\u003E\n            \u003Cdiv class=\u0022location mb-15\u0022\u003E\n                \u003Cspan class=\u0022city font-bold font-mont text-azureishgray text-16\u0022\u003EParis\u003C\/span\u003E\u0026nbsp;\n                \u003Cspan class=\u0022postal-code font-bold font-mont text-azureishgray text-16\u0022\u003E(75015)\u003C\/span\u003E            \u003C\/div\u003E\n            \u003Cdiv class=\u0022type btn text-12 text-sand text-center border-sand border-solid border-1 git uppercase mb-30\u0022\u003ER\u00e9sidence\u003C\/div\u003E\n        \u003C\/div\u003E\n    \u003C\/div\u003E\n\u003C\/a\u003E\n\n\u003Ca href=\u0022\/fr\/patrimoine-immobilier\/immobilier-residentiel\/paris-nation?back=\/fr\/patrimoine-immobilier\/immobilier-residentiel\u0022\u003E\n    \u003Cdiv class=\u0022lg:mb-40 lg:flex\u0022  data-history-node-id=\u002215748\u0022 about=\u0022\/fr\/patrimoine-immobilier\/immobilier-residentiel\/paris-nation\u0022 class=\u0022node-type-gecina-actif view-mode-teaser\u0022\u003E\n        \u003Cfigure class=\u0022mb-20 teaser-image\u0022\u003E\n              \u003Cimg loading=\u0022lazy\u0022 src=\u0022\/sites\/default\/files\/styles\/thumbnail_384x255\/public\/2021-01\/008_rsidence_paris_nation_-_nouveau_btiment_en_bois.jpg?itok=1rkCaIui\u0022 width=\u0022384\u0022 height=\u0022255\u0022 alt=\u0022R\u00e9sidence Paris Nation YouFirst fa\u00e7ade 1\u0022 title=\u0022R\u00e9sidence Paris Nation YouFirst fa\u00e7ade 1\u0022 typeof=\u0022foaf:Image\u0022 class=\u0022image-style-thumbnail-384x255\u0022 \/\u003E\n\n\n\n        \u003C\/figure\u003E\n        \u003Cdiv class=\u0022details-wrapper lg:ml-1\/12 lg:self-center\u0022\u003E\n            \u003Cdiv class=\u0022name font-black text-blue font-blackdis text-26 mb-15\u0022\u003EParis Nation\u003C\/div\u003E\n            \u003Cdiv class=\u0022location mb-15\u0022\u003E\n                \u003Cspan class=\u0022city font-bold font-mont text-azureishgray text-16\u0022\u003EParis\u003C\/span\u003E\u0026nbsp;\n                \u003Cspan class=\u0022postal-code font-bold font-mont text-azureishgray text-16\u0022\u003E(75012)\u003C\/span\u003E            \u003C\/div\u003E\n            \u003Cdiv class=\u0022type btn text-12 text-sand text-center border-sand border-solid border-1 git uppercase mb-30\u0022\u003ER\u00e9sidence\u003C\/div\u003E\n        \u003C\/div\u003E\n    \u003C\/div\u003E\n\u003C\/a\u003E\n\n\u003Ca href=\u0022\/fr\/patrimoine-immobilier\/immobilier-residentiel\/paris-pasteur?back=\/fr\/patrimoine-immobilier\/immobilier-residentiel\u0022\u003E\n    \u003Cdiv class=\u0022lg:mb-40 lg:flex\u0022  data-history-node-id=\u002215760\u0022 about=\u0022\/fr\/patrimoine-immobilier\/immobilier-residentiel\/paris-pasteur\u0022 class=\u0022node-type-gecina-actif view-mode-teaser\u0022\u003E\n        \u003Cfigure class=\u0022mb-20 teaser-image\u0022\u003E\n              \u003Cimg loading=\u0022lazy\u0022 src=\u0022\/sites\/default\/files\/styles\/thumbnail_384x255\/public\/2022-05\/youfirst-residence_paris_pasteur-exterieurs_hd_8.jpg?itok=rn1G4AGu\u0022 width=\u0022384\u0022 height=\u0022255\u0022 alt=\u0022R\u00e9sidence Pasteur YouFirst fa\u00e7ade 1\u0022 title=\u0022R\u00e9sidence Pasteur YouFirst fa\u00e7ade 1\u0022 typeof=\u0022foaf:Image\u0022 class=\u0022image-style-thumbnail-384x255\u0022 \/\u003E\n\n\n\n        \u003C\/figure\u003E\n        \u003Cdiv class=\u0022details-wrapper lg:ml-1\/12 lg:self-center\u0022\u003E\n            \u003Cdiv class=\u0022name font-black text-blue font-blackdis text-26 mb-15\u0022\u003EParis Pasteur\u003C\/div\u003E\n            \u003Cdiv class=\u0022location mb-15\u0022\u003E\n                \u003Cspan class=\u0022city font-bold font-mont text-azureishgray text-16\u0022\u003EParis\u003C\/span\u003E\u0026nbsp;\n                \u003Cspan class=\u0022postal-code font-bold font-mont text-azureishgray text-16\u0022\u003E(75015)\u003C\/span\u003E            \u003C\/div\u003E\n            \u003Cdiv class=\u0022type btn text-12 text-sand text-center border-sand border-solid border-1 git uppercase mb-30\u0022\u003ER\u00e9sidence\u003C\/div\u003E\n        \u003C\/div\u003E\n    \u003C\/div\u003E\n\u003C\/a\u003E\n\n\u003Ca href=\u0022\/fr\/patrimoine-immobilier\/immobilier-residentiel\/paris-remusat?back=\/fr\/patrimoine-immobilier\/immobilier-residentiel\u0022\u003E\n    \u003Cdiv class=\u0022lg:mb-40 lg:flex\u0022  data-history-node-id=\u002215761\u0022 about=\u0022\/fr\/patrimoine-immobilier\/immobilier-residentiel\/paris-remusat\u0022 class=\u0022node-type-gecina-actif view-mode-teaser\u0022\u003E\n        \u003Cfigure class=\u0022mb-20 teaser-image\u0022\u003E\n              \u003Cimg loading=\u0022lazy\u0022 src=\u0022\/sites\/default\/files\/styles\/thumbnail_384x255\/public\/2022-05\/009_rsidence_paris_rmusat_-_btiment_extrieur.jpg?itok=YnstwO2k\u0022 width=\u0022384\u0022 height=\u0022255\u0022 alt=\u0022R\u00e9sidence R\u00e9musat YouFirst fa\u00e7ade 1\u0022 title=\u0022R\u00e9sidence R\u00e9musat YouFirst fa\u00e7ade 1\u0022 typeof=\u0022foaf:Image\u0022 class=\u0022image-style-thumbnail-384x255\u0022 \/\u003E\n\n\n\n        \u003C\/figure\u003E\n        \u003Cdiv class=\u0022details-wrapper lg:ml-1\/12 lg:self-center\u0022\u003E\n            \u003Cdiv class=\u0022name font-black text-blue font-blackdis text-26 mb-15\u0022\u003EParis R\u00e9musat\u003C\/div\u003E\n            \u003Cdiv class=\u0022location mb-15\u0022\u003E\n                \u003Cspan class=\u0022city font-bold font-mont text-azureishgray text-16\u0022\u003EParis\u003C\/span\u003E\u0026nbsp;\n                \u003Cspan class=\u0022postal-code font-bold font-mont text-azureishgray text-16\u0022\u003E(75016)\u003C\/span\u003E            \u003C\/div\u003E\n            \u003Cdiv class=\u0022type btn text-12 text-sand text-center border-sand border-solid border-1 git uppercase mb-30\u0022\u003ER\u00e9sidence\u003C\/div\u003E\n        \u003C\/div\u003E\n    \u003C\/div\u003E\n\u003C\/a\u003E\n\n\u003Ca href=\u0022\/fr\/patrimoine-immobilier\/immobilier-residentiel\/paris-st-charles?back=\/fr\/patrimoine-immobilier\/immobilier-residentiel\u0022\u003E\n    \u003Cdiv class=\u0022lg:mb-40 lg:flex\u0022  data-history-node-id=\u002215754\u0022 about=\u0022\/fr\/patrimoine-immobilier\/immobilier-residentiel\/paris-st-charles\u0022 class=\u0022node-type-gecina-actif view-mode-teaser\u0022\u003E\n        \u003Cfigure class=\u0022mb-20 teaser-image\u0022\u003E\n              \u003Cimg loading=\u0022lazy\u0022 src=\u0022\/sites\/default\/files\/styles\/thumbnail_384x255\/public\/2022-05\/youfirst_residence_paris_st-charles-exterieurs_hd-2_0.jpg?itok=R0hNVmJL\u0022 width=\u0022384\u0022 height=\u0022255\u0022 alt=\u0022R\u00e9sidence Saint-Charles YouFirst fa\u00e7ade 1\u0022 title=\u0022R\u00e9sidence Saint-Charles YouFirst fa\u00e7ade 1\u0022 typeof=\u0022foaf:Image\u0022 class=\u0022image-style-thumbnail-384x255\u0022 \/\u003E\n\n\n\n        \u003C\/figure\u003E\n        \u003Cdiv class=\u0022details-wrapper lg:ml-1\/12 lg:self-center\u0022\u003E\n            \u003Cdiv class=\u0022name font-black text-blue font-blackdis text-26 mb-15\u0022\u003EParis St-Charles\u003C\/div\u003E\n            \u003Cdiv class=\u0022location mb-15\u0022\u003E\n                \u003Cspan class=\u0022city font-bold font-mont text-azureishgray text-16\u0022\u003EParis\u003C\/span\u003E\u0026nbsp;\n                \u003Cspan class=\u0022postal-code font-bold font-mont text-azureishgray text-16\u0022\u003E(75015)\u003C\/span\u003E            \u003C\/div\u003E\n            \u003Cdiv class=\u0022type btn text-12 text-sand text-center border-sand border-solid border-1 git uppercase mb-30\u0022\u003ER\u00e9sidence\u003C\/div\u003E\n        \u003C\/div\u003E\n    \u003C\/div\u003E\n\u003C\/a\u003E\n\n\u003Ca href=\u0022\/fr\/patrimoine-immobilier\/immobilier-residentiel\/paris-tiphaine?back=\/fr\/patrimoine-immobilier\/immobilier-residentiel\u0022\u003E\n    \u003Cdiv class=\u0022lg:mb-40 lg:flex\u0022  data-history-node-id=\u002215753\u0022 about=\u0022\/fr\/patrimoine-immobilier\/immobilier-residentiel\/paris-tiphaine\u0022 class=\u0022node-type-gecina-actif view-mode-teaser\u0022\u003E\n        \u003Cfigure class=\u0022mb-20 teaser-image\u0022\u003E\n              \u003Cimg loading=\u0022lazy\u0022 src=\u0022\/sites\/default\/files\/styles\/thumbnail_384x255\/public\/2022-05\/youfirst-residence_paris-tiphaine-extrieurs_hd-2.jpg?itok=xnwuQ0b1\u0022 width=\u0022384\u0022 height=\u0022255\u0022 alt=\u0022R\u00e9sidence Tiphaine YouFirst fa\u00e7ade 1\u0022 title=\u0022R\u00e9sidence Tiphaine YouFirst fa\u00e7ade 1\u0022 typeof=\u0022foaf:Image\u0022 class=\u0022image-style-thumbnail-384x255\u0022 \/\u003E\n\n\n\n        \u003C\/figure\u003E\n        \u003Cdiv class=\u0022details-wrapper lg:ml-1\/12 lg:self-center\u0022\u003E\n            \u003Cdiv class=\u0022name font-black text-blue font-blackdis text-26 mb-15\u0022\u003EParis Tiphaine\u003C\/div\u003E\n            \u003Cdiv class=\u0022location mb-15\u0022\u003E\n                \u003Cspan class=\u0022city font-bold font-mont text-azureishgray text-16\u0022\u003EParis\u003C\/span\u003E\u0026nbsp;\n                \u003Cspan class=\u0022postal-code font-bold font-mont text-azureishgray text-16\u0022\u003E(75015)\u003C\/span\u003E            \u003C\/div\u003E\n            \u003Cdiv class=\u0022type btn text-12 text-sand text-center border-sand border-solid border-1 git uppercase mb-30\u0022\u003ER\u00e9sidence\u003C\/div\u003E\n        \u003C\/div\u003E\n    \u003C\/div\u003E\n\u003C\/a\u003E\n\n\u003Ca href=\u0022\/fr\/patrimoine-immobilier\/immobilier-residentiel\/paris-villa-brune?back=\/fr\/patrimoine-immobilier\/immobilier-residentiel\u0022\u003E\n    \u003Cdiv class=\u0022lg:mb-40 lg:flex\u0022  data-history-node-id=\u002215758\u0022 about=\u0022\/fr\/patrimoine-immobilier\/immobilier-residentiel\/paris-villa-brune\u0022 class=\u0022node-type-gecina-actif view-mode-teaser\u0022\u003E\n        \u003Cfigure class=\u0022mb-20 teaser-image\u0022\u003E\n              \u003Cimg loading=\u0022lazy\u0022 src=\u0022\/sites\/default\/files\/styles\/thumbnail_384x255\/public\/2022-05\/youfirst_residence_paris_villa_brune-exterieurs_hd-19.jpg?itok=_VTa-YHy\u0022 width=\u0022384\u0022 height=\u0022255\u0022 alt=\u0022R\u00e9sidence Villa Brune YouFirst fa\u00e7ade 1\u0022 title=\u0022R\u00e9sidence Villa Brune YouFirst fa\u00e7ade 1\u0022 typeof=\u0022foaf:Image\u0022 class=\u0022image-style-thumbnail-384x255\u0022 \/\u003E\n\n\n\n        \u003C\/figure\u003E\n        \u003Cdiv class=\u0022details-wrapper lg:ml-1\/12 lg:self-center\u0022\u003E\n            \u003Cdiv class=\u0022name font-black text-blue font-blackdis text-26 mb-15\u0022\u003EParis Villa Brune\u003C\/div\u003E\n            \u003Cdiv class=\u0022location mb-15\u0022\u003E\n                \u003Cspan class=\u0022city font-bold font-mont text-azureishgray text-16\u0022\u003EParis\u003C\/span\u003E\u0026nbsp;\n                \u003Cspan class=\u0022postal-code font-bold font-mont text-azureishgray text-16\u0022\u003E(75014)\u003C\/span\u003E            \u003C\/div\u003E\n            \u003Cdiv class=\u0022type btn text-12 text-sand text-center border-sand border-solid border-1 git uppercase mb-30\u0022\u003ER\u00e9sidence\u003C\/div\u003E\n        \u003C\/div\u003E\n    \u003C\/div\u003E\n\u003C\/a\u003E\n\n\u003Ca href=\u0022\/fr\/patrimoine-immobilier\/immobilier-residentiel\/residence-belvedere?back=\/fr\/patrimoine-immobilier\/immobilier-residentiel\u0022\u003E\n    \u003Cdiv class=\u0022lg:mb-40 lg:flex\u0022  data-history-node-id=\u002222429\u0022 about=\u0022\/fr\/patrimoine-immobilier\/immobilier-residentiel\/residence-belvedere\u0022 class=\u0022node-type-gecina-actif view-mode-teaser\u0022\u003E\n        \u003Cfigure class=\u0022mb-20 teaser-image\u0022\u003E\n              \u003Cimg loading=\u0022lazy\u0022 src=\u0022\/sites\/default\/files\/styles\/thumbnail_384x255\/public\/2022-05\/belv.jpg?itok=mUTPU0VY\u0022 width=\u0022384\u0022 height=\u0022255\u0022 alt=\u0022R\u00e9sidence Belv\u00e9d\u00e8re YouFirst perspective fa\u00e7ade 1\u0022 title=\u0022R\u00e9sidence Belv\u00e9d\u00e8re YouFirst perspective fa\u00e7ade 1\u0022 typeof=\u0022foaf:Image\u0022 class=\u0022image-style-thumbnail-384x255\u0022 \/\u003E\n\n\n\n        \u003C\/figure\u003E\n        \u003Cdiv class=\u0022details-wrapper lg:ml-1\/12 lg:self-center\u0022\u003E\n            \u003Cdiv class=\u0022name font-black text-blue font-blackdis text-26 mb-15\u0022\u003ER\u00e9sidence Belv\u00e9d\u00e8re\u003C\/div\u003E\n            \u003Cdiv class=\u0022location mb-15\u0022\u003E\n                \u003Cspan class=\u0022city font-bold font-mont text-azureishgray text-16\u0022\u003EBordeaux\u003C\/span\u003E\u0026nbsp;\n                \u003Cspan class=\u0022postal-code font-bold font-mont text-azureishgray text-16\u0022\u003E(33100)\u003C\/span\u003E            \u003C\/div\u003E\n            \u003Cdiv class=\u0022type btn text-12 text-sand text-center border-sand border-solid border-1 git uppercase mb-30\u0022\u003ER\u00e9sidence\u003C\/div\u003E\n        \u003C\/div\u003E\n    \u003C\/div\u003E\n\u003C\/a\u003E\n\n\u003Ca href=\u0022\/fr\/patrimoine-immobilier\/immobilier-residentiel\/residence-dareau?back=\/fr\/patrimoine-immobilier\/immobilier-residentiel\u0022\u003E\n    \u003Cdiv class=\u0022lg:mb-40 lg:flex\u0022  data-history-node-id=\u002222427\u0022 about=\u0022\/fr\/patrimoine-immobilier\/immobilier-residentiel\/residence-dareau\u0022 class=\u0022node-type-gecina-actif view-mode-teaser\u0022\u003E\n        \u003Cfigure class=\u0022mb-20 teaser-image\u0022\u003E\n              \u003Cimg loading=\u0022lazy\u0022 src=\u0022\/sites\/default\/files\/styles\/thumbnail_384x255\/public\/2022-05\/perspectives_dareau_-_mai_2021_004.jpg?itok=H1DXMP_a\u0022 width=\u0022384\u0022 height=\u0022255\u0022 alt=\u0022R\u00e9sidence Dareau YouFirst perspective fa\u00e7ade 1\u0022 title=\u0022R\u00e9sidence Dareau YouFirst perspective fa\u00e7ade 1\u0022 typeof=\u0022foaf:Image\u0022 class=\u0022image-style-thumbnail-384x255\u0022 \/\u003E\n\n\n\n        \u003C\/figure\u003E\n        \u003Cdiv class=\u0022details-wrapper lg:ml-1\/12 lg:self-center\u0022\u003E\n            \u003Cdiv class=\u0022name font-black text-blue font-blackdis text-26 mb-15\u0022\u003ER\u00e9sidence Dareau\u003C\/div\u003E\n            \u003Cdiv class=\u0022location mb-15\u0022\u003E\n                \u003Cspan class=\u0022city font-bold font-mont text-azureishgray text-16\u0022\u003EParis\u003C\/span\u003E\u0026nbsp;\n                \u003Cspan class=\u0022postal-code font-bold font-mont text-azureishgray text-16\u0022\u003E(75014)\u003C\/span\u003E            \u003C\/div\u003E\n            \u003Cdiv class=\u0022type btn text-12 text-sand text-center border-sand border-solid border-1 git uppercase mb-30\u0022\u003ER\u00e9sidence\u003C\/div\u003E\n        \u003C\/div\u003E\n    \u003C\/div\u003E\n\u003C\/a\u003E\n\u003Ca href=\u0022http:\/\/www.gecina.fr\/fr\/content\/ajax-load\/actif?offset=10\u0026amp;limit=10\u0026amp;category=1191\u0026amp;city=\u0026amp;area=\u0026amp;lodging=\u0026amp;bed=\u0022 class=\u0022visually-hidden\u0022 id=\u0022loader_items\u0022\u003E\u0026nbsp;\u003C\/a\u003E\n","settings":null}]