[{"command":"insert","method":"append","selector":"#actifs_current_items","data":"\n\u003Ca href=\u0022\/fr\/patrimoine-immobilier\/immobilier-bureau\/10-12-vendome?back=\/fr\/patrimoine-immobilier\/immobilier-bureau\u0022\u003E\n    \u003Cdiv class=\u0022lg:mb-40 lg:flex\u0022  data-history-node-id=\u002215704\u0022 about=\u0022\/fr\/patrimoine-immobilier\/immobilier-bureau\/10-12-vendome\u0022 class=\u0022node-type-gecina-actif view-mode-teaser\u0022\u003E\n        \u003Cfigure class=\u0022mb-20 teaser-image\u0022\u003E\n              \u003Cimg loading=\u0022lazy\u0022 src=\u0022\/sites\/default\/files\/styles\/thumbnail_384x255\/public\/2022-05\/24_-_12_12_place_vendme.jpg?itok=bEapWPqV\u0022 width=\u0022384\u0022 height=\u0022255\u0022 alt=\u002210-12 Vend\u00f4me immeuble Gecina fa\u00e7ade 1\u0022 title=\u002210-12 Vend\u00f4me immeuble Gecina fa\u00e7ade 1\u0022 typeof=\u0022foaf:Image\u0022 class=\u0022image-style-thumbnail-384x255\u0022 \/\u003E\n\n\n\n        \u003C\/figure\u003E\n        \u003Cdiv class=\u0022details-wrapper lg:ml-1\/12 lg:self-center\u0022\u003E\n            \u003Cdiv class=\u0022name font-black text-blue font-blackdis text-26 mb-15\u0022\u003E10-12 Vend\u00f4me\u003C\/div\u003E\n            \u003Cdiv class=\u0022location mb-15\u0022\u003E\n                \u003Cspan class=\u0022city font-bold font-mont text-azureishgray text-16\u0022\u003EParis\u003C\/span\u003E\u0026nbsp;\n                \u003Cspan class=\u0022postal-code font-bold font-mont text-azureishgray text-16\u0022\u003E(75001)\u003C\/span\u003E            \u003C\/div\u003E\n            \u003Cdiv class=\u0022type btn text-12 text-sand text-center border-sand border-solid border-1 git uppercase mb-30\u0022\u003EBureau\u003C\/div\u003E\n        \u003C\/div\u003E\n    \u003C\/div\u003E\n\u003C\/a\u003E\n\n\u003Ca href=\u0022\/fr\/patrimoine-immobilier\/immobilier-bureau\/157-cdg?back=\/fr\/patrimoine-immobilier\/immobilier-bureau\u0026amp;amp;area=10000\u0022\u003E\n    \u003Cdiv class=\u0022lg:mb-40 lg:flex\u0022  data-history-node-id=\u002215747\u0022 about=\u0022\/fr\/patrimoine-immobilier\/immobilier-bureau\/157-cdg\u0022 class=\u0022node-type-gecina-actif view-mode-teaser\u0022\u003E\n        \u003Cfigure class=\u0022mb-20 teaser-image\u0022\u003E\n              \u003Cimg loading=\u0022lazy\u0022 src=\u0022\/sites\/default\/files\/styles\/thumbnail_384x255\/public\/2022-05\/157_cdg_52.jpg?itok=hCcPSqvs\u0022 width=\u0022384\u0022 height=\u0022255\u0022 alt=\u0022157 CDG immeuble Gecina fa\u00e7ade\u0022 title=\u0022157 CDG immeuble Gecina fa\u00e7ade\u0022 typeof=\u0022foaf:Image\u0022 class=\u0022image-style-thumbnail-384x255\u0022 \/\u003E\n\n\n\n        \u003C\/figure\u003E\n        \u003Cdiv class=\u0022details-wrapper lg:ml-1\/12 lg:self-center\u0022\u003E\n            \u003Cdiv class=\u0022name font-black text-blue font-blackdis text-26 mb-15\u0022\u003E157 CDG\u003C\/div\u003E\n            \u003Cdiv class=\u0022location mb-15\u0022\u003E\n                \u003Cspan class=\u0022city font-bold font-mont text-azureishgray text-16\u0022\u003ENeuilly-sur-Seine\u003C\/span\u003E\u0026nbsp;\n                \u003Cspan class=\u0022postal-code font-bold font-mont text-azureishgray text-16\u0022\u003E(92200)\u003C\/span\u003E            \u003C\/div\u003E\n            \u003Cdiv class=\u0022type btn text-12 text-sand text-center border-sand border-solid border-1 git uppercase mb-30\u0022\u003EBureau\u003C\/div\u003E\n        \u003C\/div\u003E\n    \u003C\/div\u003E\n\u003C\/a\u003E\n\n\u003Ca href=\u0022\/fr\/patrimoine-immobilier\/immobilier-bureau\/16-montmartre?back=\/fr\/patrimoine-immobilier\/immobilier-bureau\u0026amp;amp;area=5000\u0022\u003E\n    \u003Cdiv class=\u0022lg:mb-40 lg:flex\u0022  data-history-node-id=\u002215708\u0022 about=\u0022\/fr\/patrimoine-immobilier\/immobilier-bureau\/16-montmartre\u0022 class=\u0022node-type-gecina-actif view-mode-teaser\u0022\u003E\n        \u003Cfigure class=\u0022mb-20 teaser-image\u0022\u003E\n              \u003Cimg loading=\u0022lazy\u0022 src=\u0022\/sites\/default\/files\/styles\/thumbnail_384x255\/public\/2022-05\/16_montmartre_12.jpg?itok=MZn-Vzux\u0022 width=\u0022384\u0022 height=\u0022255\u0022 alt=\u002216 Montmartre immeuble Gecina fa\u00e7ade\u0022 title=\u002216 Montmartre immeuble Gecina fa\u00e7ade\u0022 typeof=\u0022foaf:Image\u0022 class=\u0022image-style-thumbnail-384x255\u0022 \/\u003E\n\n\n\n        \u003C\/figure\u003E\n        \u003Cdiv class=\u0022details-wrapper lg:ml-1\/12 lg:self-center\u0022\u003E\n            \u003Cdiv class=\u0022name font-black text-blue font-blackdis text-26 mb-15\u0022\u003E16 Montmartre\u003C\/div\u003E\n            \u003Cdiv class=\u0022location mb-15\u0022\u003E\n                \u003Cspan class=\u0022city font-bold font-mont text-azureishgray text-16\u0022\u003EParis\u003C\/span\u003E\u0026nbsp;\n                \u003Cspan class=\u0022postal-code font-bold font-mont text-azureishgray text-16\u0022\u003E(75009)\u003C\/span\u003E            \u003C\/div\u003E\n            \u003Cdiv class=\u0022type btn text-12 text-sand text-center border-sand border-solid border-1 git uppercase mb-30\u0022\u003EBureau\u003C\/div\u003E\n        \u003C\/div\u003E\n    \u003C\/div\u003E\n\u003C\/a\u003E\n\n\u003Ca href=\u0022\/fr\/patrimoine-immobilier\/immobilier-bureau\/20-ville-leveque?back=\/fr\/patrimoine-immobilier\/immobilier-bureau\u0022\u003E\n    \u003Cdiv class=\u0022lg:mb-40 lg:flex\u0022  data-history-node-id=\u002215725\u0022 about=\u0022\/fr\/patrimoine-immobilier\/immobilier-bureau\/20-ville-leveque\u0022 class=\u0022node-type-gecina-actif view-mode-teaser\u0022\u003E\n        \u003Cfigure class=\u0022mb-20 teaser-image\u0022\u003E\n              \u003Cimg loading=\u0022lazy\u0022 src=\u0022\/sites\/default\/files\/styles\/thumbnail_384x255\/public\/2022-05\/ville.jpg?itok=f370mmQj\u0022 width=\u0022384\u0022 height=\u0022255\u0022 alt=\u002220 Ville-l\u0026#039;Ev\u00eaque immeuble Gecina fa\u00e7ade\u0022 title=\u002220 Ville-l\u0026#039;Ev\u00eaque immeuble Gecina fa\u00e7ade\u0022 typeof=\u0022foaf:Image\u0022 class=\u0022image-style-thumbnail-384x255\u0022 \/\u003E\n\n\n\n        \u003C\/figure\u003E\n        \u003Cdiv class=\u0022details-wrapper lg:ml-1\/12 lg:self-center\u0022\u003E\n            \u003Cdiv class=\u0022name font-black text-blue font-blackdis text-26 mb-15\u0022\u003E20 Ville-l\u0026#039;Ev\u00eaque\u003C\/div\u003E\n            \u003Cdiv class=\u0022location mb-15\u0022\u003E\n                \u003Cspan class=\u0022city font-bold font-mont text-azureishgray text-16\u0022\u003EParis\u003C\/span\u003E\u0026nbsp;\n                \u003Cspan class=\u0022postal-code font-bold font-mont text-azureishgray text-16\u0022\u003E(75008)\u003C\/span\u003E            \u003C\/div\u003E\n            \u003Cdiv class=\u0022type btn text-12 text-sand text-center border-sand border-solid border-1 git uppercase mb-30\u0022\u003EBureau\u003C\/div\u003E\n        \u003C\/div\u003E\n    \u003C\/div\u003E\n\u003C\/a\u003E\n\n\u003Ca href=\u0022\/fr\/patrimoine-immobilier\/immobilier-bureau\/27-canal?back=\/fr\/patrimoine-immobilier\/immobilier-bureau\u0026amp;amp;area=10000\u0022\u003E\n    \u003Cdiv class=\u0022lg:mb-40 lg:flex\u0022  data-history-node-id=\u002221300\u0022 about=\u0022\/fr\/patrimoine-immobilier\/immobilier-bureau\/27-canal\u0022 class=\u0022node-type-gecina-actif view-mode-teaser\u0022\u003E\n        \u003Cfigure class=\u0022mb-20 teaser-image\u0022\u003E\n              \u003Cimg loading=\u0022lazy\u0022 src=\u0022\/sites\/default\/files\/styles\/thumbnail_384x255\/public\/2025-03\/27_canal_faade_ct_flandre.jpg?itok=j1VS43Jb\u0022 width=\u0022384\u0022 height=\u0022255\u0022 alt=\u002227 Canal fa\u00e7ade c\u00f4t\u00e9 Flandres\u0022 title=\u002227 Canal fa\u00e7ade \u00f4t\u00e9 Flandres\u0022 typeof=\u0022foaf:Image\u0022 class=\u0022image-style-thumbnail-384x255\u0022 \/\u003E\n\n\n\n        \u003C\/figure\u003E\n        \u003Cdiv class=\u0022details-wrapper lg:ml-1\/12 lg:self-center\u0022\u003E\n            \u003Cdiv class=\u0022name font-black text-blue font-blackdis text-26 mb-15\u0022\u003E27 Canal\u003C\/div\u003E\n            \u003Cdiv class=\u0022location mb-15\u0022\u003E\n                \u003Cspan class=\u0022city font-bold font-mont text-azureishgray text-16\u0022\u003EParis\u003C\/span\u003E\u0026nbsp;\n                \u003Cspan class=\u0022postal-code font-bold font-mont text-azureishgray text-16\u0022\u003E(75019)\u003C\/span\u003E            \u003C\/div\u003E\n            \u003Cdiv class=\u0022type btn text-12 text-sand text-center border-sand border-solid border-1 git uppercase mb-30\u0022\u003EBureau\u003C\/div\u003E\n        \u003C\/div\u003E\n    \u003C\/div\u003E\n\u003C\/a\u003E\n\n\u003Ca href=\u0022\/fr\/patrimoine-immobilier\/immobilier-bureau\/3-place-de-lopera?back=\/fr\/patrimoine-immobilier\/immobilier-bureau\u0022\u003E\n    \u003Cdiv class=\u0022lg:mb-40 lg:flex\u0022  data-history-node-id=\u002215710\u0022 about=\u0022\/fr\/patrimoine-immobilier\/immobilier-bureau\/3-place-de-lopera\u0022 class=\u0022node-type-gecina-actif view-mode-teaser\u0022\u003E\n        \u003Cfigure class=\u0022mb-20 teaser-image\u0022\u003E\n              \u003Cimg loading=\u0022lazy\u0022 src=\u0022\/sites\/default\/files\/styles\/thumbnail_384x255\/public\/2022-05\/3_opera_2.jpg?itok=_D67LT5Z\u0022 width=\u0022384\u0022 height=\u0022255\u0022 alt=\u00223 place de l\u0026#039;Op\u00e9ra immeuble Gecina fa\u00e7ade 1\u0022 title=\u00223 place de l\u0026#039;Op\u00e9ra immeuble Gecina fa\u00e7ade 1\u0022 typeof=\u0022foaf:Image\u0022 class=\u0022image-style-thumbnail-384x255\u0022 \/\u003E\n\n\n\n        \u003C\/figure\u003E\n        \u003Cdiv class=\u0022details-wrapper lg:ml-1\/12 lg:self-center\u0022\u003E\n            \u003Cdiv class=\u0022name font-black text-blue font-blackdis text-26 mb-15\u0022\u003E3 place de l\u0026#039;Op\u00e9ra\u003C\/div\u003E\n            \u003Cdiv class=\u0022location mb-15\u0022\u003E\n                \u003Cspan class=\u0022city font-bold font-mont text-azureishgray text-16\u0022\u003EParis\u003C\/span\u003E\u0026nbsp;\n                \u003Cspan class=\u0022postal-code font-bold font-mont text-azureishgray text-16\u0022\u003E(75002)\u003C\/span\u003E            \u003C\/div\u003E\n            \u003Cdiv class=\u0022type btn text-12 text-sand text-center border-sand border-solid border-1 git uppercase mb-30\u0022\u003EBureau\u003C\/div\u003E\n        \u003C\/div\u003E\n    \u003C\/div\u003E\n\u003C\/a\u003E\n\n\u003Ca href=\u0022\/fr\/patrimoine-immobilier\/immobilier-bureau\/32-guersant?back=\/fr\/patrimoine-immobilier\/immobilier-bureau\u0026amp;amp;area=10000\u0022\u003E\n    \u003Cdiv class=\u0022lg:mb-40 lg:flex\u0022  data-history-node-id=\u002215731\u0022 about=\u0022\/fr\/patrimoine-immobilier\/immobilier-bureau\/32-guersant\u0022 class=\u0022node-type-gecina-actif view-mode-teaser\u0022\u003E\n        \u003Cfigure class=\u0022mb-20 teaser-image\u0022\u003E\n              \u003Cimg loading=\u0022lazy\u0022 src=\u0022\/sites\/default\/files\/styles\/thumbnail_384x255\/public\/2022-05\/32_g026uersant.jpg?itok=YSfIawCG\u0022 width=\u0022384\u0022 height=\u0022255\u0022 alt=\u002232 Guersant immeuble Gecina fa\u00e7ade 1\u0022 title=\u002232 Guersant immeuble Gecina fa\u00e7ade 1\u0022 typeof=\u0022foaf:Image\u0022 class=\u0022image-style-thumbnail-384x255\u0022 \/\u003E\n\n\n\n        \u003C\/figure\u003E\n        \u003Cdiv class=\u0022details-wrapper lg:ml-1\/12 lg:self-center\u0022\u003E\n            \u003Cdiv class=\u0022name font-black text-blue font-blackdis text-26 mb-15\u0022\u003E32 Guersant\u003C\/div\u003E\n            \u003Cdiv class=\u0022location mb-15\u0022\u003E\n                \u003Cspan class=\u0022city font-bold font-mont text-azureishgray text-16\u0022\u003EParis\u003C\/span\u003E\u0026nbsp;\n                \u003Cspan class=\u0022postal-code font-bold font-mont text-azureishgray text-16\u0022\u003E(75017)\u003C\/span\u003E            \u003C\/div\u003E\n            \u003Cdiv class=\u0022type btn text-12 text-sand text-center border-sand border-solid border-1 git uppercase mb-30\u0022\u003EBureau\u003C\/div\u003E\n        \u003C\/div\u003E\n    \u003C\/div\u003E\n\u003C\/a\u003E\n\n\u003Ca href=\u0022\/fr\/patrimoine-immobilier\/immobilier-bureau\/35-bd-capucines?back=\/fr\/patrimoine-immobilier\/immobilier-bureau\u0022\u003E\n    \u003Cdiv class=\u0022lg:mb-40 lg:flex\u0022  data-history-node-id=\u002215707\u0022 about=\u0022\/fr\/patrimoine-immobilier\/immobilier-bureau\/35-bd-capucines\u0022 class=\u0022node-type-gecina-actif view-mode-teaser\u0022\u003E\n        \u003Cfigure class=\u0022mb-20 teaser-image\u0022\u003E\n              \u003Cimg loading=\u0022lazy\u0022 src=\u0022\/sites\/default\/files\/styles\/thumbnail_384x255\/public\/2022-05\/35_capucines_17.jpg?itok=rszZWjiP\u0022 width=\u0022384\u0022 height=\u0022255\u0022 alt=\u002235 Bd Capucines immeuble Gecina fa\u00e7ade\u0022 title=\u002235 Bd Capucines immeuble Gecina fa\u00e7ade\u0022 typeof=\u0022foaf:Image\u0022 class=\u0022image-style-thumbnail-384x255\u0022 \/\u003E\n\n\n\n        \u003C\/figure\u003E\n        \u003Cdiv class=\u0022details-wrapper lg:ml-1\/12 lg:self-center\u0022\u003E\n            \u003Cdiv class=\u0022name font-black text-blue font-blackdis text-26 mb-15\u0022\u003E35 Bd Capucines\u003C\/div\u003E\n            \u003Cdiv class=\u0022location mb-15\u0022\u003E\n                \u003Cspan class=\u0022city font-bold font-mont text-azureishgray text-16\u0022\u003EParis\u003C\/span\u003E\u0026nbsp;\n                \u003Cspan class=\u0022postal-code font-bold font-mont text-azureishgray text-16\u0022\u003E(75002)\u003C\/span\u003E            \u003C\/div\u003E\n            \u003Cdiv class=\u0022type btn text-12 text-sand text-center border-sand border-solid border-1 git uppercase mb-30\u0022\u003EBureau\u003C\/div\u003E\n        \u003C\/div\u003E\n    \u003C\/div\u003E\n\u003C\/a\u003E\n\n\u003Ca href=\u0022\/fr\/patrimoine-immobilier\/immobilier-bureau\/36-naples?back=\/fr\/patrimoine-immobilier\/immobilier-bureau\u0026amp;amp;area=5000\u0022\u003E\n    \u003Cdiv class=\u0022lg:mb-40 lg:flex\u0022  data-history-node-id=\u002215726\u0022 about=\u0022\/fr\/patrimoine-immobilier\/immobilier-bureau\/36-naples\u0022 class=\u0022node-type-gecina-actif view-mode-teaser\u0022\u003E\n        \u003Cfigure class=\u0022mb-20 teaser-image\u0022\u003E\n              \u003Cimg loading=\u0022lazy\u0022 src=\u0022\/sites\/default\/files\/styles\/thumbnail_384x255\/public\/actifs\/26\/27_36_Naples_1.jpg?itok=X6WQ7CMF\u0022 width=\u0022384\u0022 height=\u0022255\u0022 alt=\u002236 Naples immeuble Gecina fa\u00e7ade 1\u0022 title=\u002236 Naples immeuble Gecina fa\u00e7ade 1\u0022 typeof=\u0022foaf:Image\u0022 class=\u0022image-style-thumbnail-384x255\u0022 \/\u003E\n\n\n\n        \u003C\/figure\u003E\n        \u003Cdiv class=\u0022details-wrapper lg:ml-1\/12 lg:self-center\u0022\u003E\n            \u003Cdiv class=\u0022name font-black text-blue font-blackdis text-26 mb-15\u0022\u003E36 Naples\u003C\/div\u003E\n            \u003Cdiv class=\u0022location mb-15\u0022\u003E\n                \u003Cspan class=\u0022city font-bold font-mont text-azureishgray text-16\u0022\u003EParis\u003C\/span\u003E\u0026nbsp;\n                \u003Cspan class=\u0022postal-code font-bold font-mont text-azureishgray text-16\u0022\u003E(75008)\u003C\/span\u003E            \u003C\/div\u003E\n            \u003Cdiv class=\u0022type btn text-12 text-sand text-center border-sand border-solid border-1 git uppercase mb-30\u0022\u003EBureau\u003C\/div\u003E\n        \u003C\/div\u003E\n    \u003C\/div\u003E\n\u003C\/a\u003E\n\n\u003Ca href=\u0022\/fr\/patrimoine-immobilier\/immobilier-bureau\/41-montaigne?back=\/fr\/patrimoine-immobilier\/immobilier-bureau\u0026amp;amp;area=5000\u0022\u003E\n    \u003Cdiv class=\u0022lg:mb-40 lg:flex\u0022  data-history-node-id=\u002215714\u0022 about=\u0022\/fr\/patrimoine-immobilier\/immobilier-bureau\/41-montaigne\u0022 class=\u0022node-type-gecina-actif view-mode-teaser\u0022\u003E\n        \u003Cfigure class=\u0022mb-20 teaser-image\u0022\u003E\n              \u003Cimg loading=\u0022lazy\u0022 src=\u0022\/sites\/default\/files\/styles\/thumbnail_384x255\/public\/2022-05\/41_montaigne_013.jpg?itok=7S7ip-cj\u0022 width=\u0022384\u0022 height=\u0022255\u0022 alt=\u002241 Montaigne immeuble Gecina fa\u00e7ade 1\u0022 title=\u002241 Montaigne immeuble Gecina fa\u00e7ade 1\u0022 typeof=\u0022foaf:Image\u0022 class=\u0022image-style-thumbnail-384x255\u0022 \/\u003E\n\n\n\n        \u003C\/figure\u003E\n        \u003Cdiv class=\u0022details-wrapper lg:ml-1\/12 lg:self-center\u0022\u003E\n            \u003Cdiv class=\u0022name font-black text-blue font-blackdis text-26 mb-15\u0022\u003E41 Montaigne\u003C\/div\u003E\n            \u003Cdiv class=\u0022location mb-15\u0022\u003E\n                \u003Cspan class=\u0022city font-bold font-mont text-azureishgray text-16\u0022\u003EParis\u003C\/span\u003E\u0026nbsp;\n                \u003Cspan class=\u0022postal-code font-bold font-mont text-azureishgray text-16\u0022\u003E(75008)\u003C\/span\u003E            \u003C\/div\u003E\n            \u003Cdiv class=\u0022type btn text-12 text-sand text-center border-sand border-solid border-1 git uppercase mb-30\u0022\u003EBureau\u003C\/div\u003E\n        \u003C\/div\u003E\n    \u003C\/div\u003E\n\u003C\/a\u003E\n\u003Ca href=\u0022http:\/\/www.gecina.fr\/fr\/content\/ajax-load\/actif?offset=10\u0026amp;limit=10\u0026amp;category=1189\u0026amp;city=\u0026amp;area=\u0026amp;lodging=\u0026amp;bed=\u0022 class=\u0022visually-hidden\u0022 id=\u0022loader_items\u0022\u003E\u0026nbsp;\u003C\/a\u003E\n","settings":null}]